{"id":8525,"date":"2025-10-02T13:24:07","date_gmt":"2025-10-02T13:24:07","guid":{"rendered":"https:\/\/decandolle.ch\/2025\/10\/02\/therapeutic-measures-in-criminal-law\/"},"modified":"2025-10-02T13:30:09","modified_gmt":"2025-10-02T13:30:09","slug":"therapeutic-measures-in-criminal-law","status":"publish","type":"post","link":"https:\/\/decandolle.ch\/en\/2025\/10\/02\/therapeutic-measures-in-criminal-law\/","title":{"rendered":"Therapeutic measures in criminal law"},"content":{"rendered":"\n<p class=\"wp-block-paragraph\">When doubts arise during the investigation as to the defendant&#8217;s responsibility, the magistrate in charge may order a psychiatric assessment.<\/p>\n\n<p class=\"wp-block-paragraph\">The appointed experts generally meet with the person being assessed two or three times after reviewing their medical records and the case files.<\/p>\n\n<p class=\"wp-block-paragraph\">In addition to a general medical history and a possible diagnosis, the assessment provides the judge with information on the subject&#8217;s ability to understand the criminal nature of the alleged act and, where applicable, their ability to act on that understanding.<\/p>\n\n<p class=\"wp-block-paragraph\">In cases where there is doubt about one or both of these aspects, the experts also give their opinion on the existence of a measure likely to reduce the risk of reoffending.<\/p>\n\n<p class=\"wp-block-paragraph\">These measures may be institutional or outpatient, and in the former case, may be open or closed.<\/p>\n\n<p class=\"wp-block-paragraph\">If the measure is incompatible with the enforcement of a sentence, the judge will suspend the sentence in favor of the measure that can be enforced.<\/p>\n\n<p class=\"wp-block-paragraph\">En cas de r\u00e9ussite de la mesure, il sera en principe renonc\u00e9 \u00e0 la peine, mais par contre en cas d&#8217;\u00e9chec de la mesure, la peine sera r\u00e9int\u00e9gr\u00e9e et devra \u00eatre purg\u00e9e.<\/p>\n\n<p class=\"wp-block-paragraph\">If the measure is successful, the sentence will in principle be waived, but if the measure fails, the sentence will be reinstated and must be served.<\/p>\n\n<p class=\"wp-block-paragraph\">The lawyers at <a href=\"http:\/\/www.decandolle.ch\">DE CANDOLLE AVOCATS<\/a> can inform you and advise you in such particular proceedings.<\/p>\n","protected":false},"excerpt":{"rendered":"<p>When doubts arise during the investigation as to the defendant&#8217;s responsibility, the magistrate in charge may order a psychiatric assessment. The appointed experts generally meet with the person being assessed two or three times after reviewing their medical records and the case files. In addition to a general medical history and a possible diagnosis, the [&hellip;]<\/p>\n","protected":false},"author":1,"featured_media":8150,"comment_status":"closed","ping_status":"closed","sticky":false,"template":"","format":"standard","meta":{"footnotes":""},"categories":[56,1],"tags":[],"class_list":["post-8525","post","type-post","status-publish","format-standard","has-post-thumbnail","hentry","category-news","category-non-categorise"],"_links":{"self":[{"href":"https:\/\/decandolle.ch\/en\/wp-json\/wp\/v2\/posts\/8525","targetHints":{"allow":["GET"]}}],"collection":[{"href":"https:\/\/decandolle.ch\/en\/wp-json\/wp\/v2\/posts"}],"about":[{"href":"https:\/\/decandolle.ch\/en\/wp-json\/wp\/v2\/types\/post"}],"author":[{"embeddable":true,"href":"https:\/\/decandolle.ch\/en\/wp-json\/wp\/v2\/users\/1"}],"replies":[{"embeddable":true,"href":"https:\/\/decandolle.ch\/en\/wp-json\/wp\/v2\/comments?post=8525"}],"version-history":[{"count":1,"href":"https:\/\/decandolle.ch\/en\/wp-json\/wp\/v2\/posts\/8525\/revisions"}],"predecessor-version":[{"id":8526,"href":"https:\/\/decandolle.ch\/en\/wp-json\/wp\/v2\/posts\/8525\/revisions\/8526"}],"wp:featuredmedia":[{"embeddable":true,"href":"https:\/\/decandolle.ch\/en\/wp-json\/wp\/v2\/media\/8150"}],"wp:attachment":[{"href":"https:\/\/decandolle.ch\/en\/wp-json\/wp\/v2\/media?parent=8525"}],"wp:term":[{"taxonomy":"category","embeddable":true,"href":"https:\/\/decandolle.ch\/en\/wp-json\/wp\/v2\/categories?post=8525"},{"taxonomy":"post_tag","embeddable":true,"href":"https:\/\/decandolle.ch\/en\/wp-json\/wp\/v2\/tags?post=8525"}],"curies":[{"name":"wp","href":"https:\/\/api.w.org\/{rel}","templated":true}]}}