{"id":8386,"date":"2025-04-24T11:27:08","date_gmt":"2025-04-24T11:27:08","guid":{"rendered":"https:\/\/decandolle.ch\/?p=8386"},"modified":"2025-04-24T11:37:42","modified_gmt":"2025-04-24T11:37:42","slug":"novo-codigo-de-processo-penal-2","status":"publish","type":"post","link":"https:\/\/decandolle.ch\/pt-pt\/2025\/04\/24\/novo-codigo-de-processo-penal-2\/","title":{"rendered":"Div\u00f3rcio por culpa e dever conjugal"},"content":{"rendered":"\n<figure class=\"wp-block-gallery has-nested-images columns-default is-cropped wp-block-gallery-1 is-layout-flex wp-block-gallery-is-layout-flex\">\n<figure class=\"wp-block-image size-large\"><img loading=\"lazy\" decoding=\"async\" width=\"700\" height=\"500\" data-id=\"8277\" src=\"https:\/\/decandolle.ch\/wp-content\/uploads\/2024\/05\/DE-CANDOLLE-AVOCATS_photos_9-min.jpg\" alt=\"Div&#xF3;rcio e dever conjugal\" class=\"wp-image-8277\" srcset=\"https:\/\/decandolle.ch\/wp-content\/uploads\/2024\/05\/DE-CANDOLLE-AVOCATS_photos_9-min.jpg 700w, https:\/\/decandolle.ch\/wp-content\/uploads\/2024\/05\/DE-CANDOLLE-AVOCATS_photos_9-min-300x214.jpg 300w\" sizes=\"auto, (max-width: 700px) 100vw, 700px\" \/><\/figure>\n<\/figure>\n\n<span class=\"gdlr-core-space-shortcode\" style=\"margin-top: 30px ;\"  ><\/span>\n\n<h4 class=\"wp-block-heading\">Na Su\u00ed\u00e7a, o conceito de culpa em casos de div\u00f3rcio n\u00e3o existe h\u00e1 muitos anos. Uma decis\u00e3o da Corte Europeia de Direitos Humanos condenou a Fran\u00e7a.  <\/h4>\n\n<p class=\"wp-block-paragraph\">Na Su\u00ed\u00e7a, o conceito de div\u00f3rcio baseado em culpa foi abolido h\u00e1 muito tempo. O mesmo n\u00e3o acontece na Fran\u00e7a, que foi recentemente condenada pela ECHR (Corte Europeia de Direitos Humanos). <\/p>\n\n<p class=\"wp-block-paragraph\">No caso em quest\u00e3o, uma mulher havia se recusado a ter rela\u00e7\u00f5es sexuais com seu marido por muitos anos.<\/p>\n\n<p class=\"wp-block-paragraph\">Quando essa mulher entrou com um pedido de div\u00f3rcio em detrimento exclusivo do marido, o marido pediu ao Tribunal que declarasse que era em detrimento exclusivo da esposa que o div\u00f3rcio deveria ser concedido, uma vez que ela havia se recusado a cumprir seu \u201cdever conjugal\u201d por muitos anos.<\/p>\n\n<p class=\"wp-block-paragraph\">Os diversos tribunais franceses que analisaram a quest\u00e3o concederam e confirmaram o div\u00f3rcio em detrimento exclusivo dessa esposa, que se recusou a manter rela\u00e7\u00f5es sexuais com o marido por algum tempo.<\/p>\n\n<p class=\"wp-block-paragraph\">A Corte Europeia de Direitos Humanos, que foi acionada nesse caso pela esposa, considerou que acusar essa mulher de recusar seus deveres conjugais era uma interfer\u00eancia no direito ao respeito pela vida privada, garantido pelo artigo 8 da Conven\u00e7\u00e3o Europeia de Direitos Humanos.<\/p>\n\n<p class=\"wp-block-paragraph\">Portanto, a Fran\u00e7a provavelmente ter\u00e1 que mudar sua pr\u00e1tica com rela\u00e7\u00e3o ao div\u00f3rcio por culpa e ao dever conjugal.<\/p>\n\n<p class=\"wp-block-paragraph\">Embora essa decis\u00e3o diga respeito a um pa\u00eds vizinho, ela oferece uma oportunidade de discutir a complexidade dos processos de separa\u00e7\u00e3o ou div\u00f3rcio e o conceito de dever conjugal, que se op\u00f5e \u00e0 proibi\u00e7\u00e3o do \u201cestupro conjugal\u201d.<\/p>\n\n<p class=\"wp-block-paragraph\">Em caso de separa\u00e7\u00e3o ou div\u00f3rcio, como no caso de viol\u00eancia sexual, os advogados do escrit\u00f3rio <a href=\"https:\/\/www.decandolle.ch\/\">de Candolle Avocats<\/a> s\u00e3o treinados para ajud\u00e1-lo com seus assuntos jur\u00eddicos.<\/p>\n\n<p class=\"wp-block-paragraph\"><\/p>\n","protected":false},"excerpt":{"rendered":"<p>Na Su\u00ed\u00e7a, o conceito de culpa em casos de div\u00f3rcio n\u00e3o existe h\u00e1 muitos anos. Uma decis\u00e3o da Corte Europeia de Direitos Humanos condenou a Fran\u00e7a. Na Su\u00ed\u00e7a, o conceito de div\u00f3rcio baseado em culpa foi abolido h\u00e1 muito tempo. O mesmo n\u00e3o acontece na Fran\u00e7a, que foi recentemente condenada pela ECHR (Corte Europeia de [&hellip;]<\/p>\n","protected":false},"author":1,"featured_media":8389,"comment_status":"closed","ping_status":"open","sticky":false,"template":"","format":"standard","meta":{"footnotes":""},"categories":[58],"tags":[],"class_list":["post-8386","post","type-post","status-publish","format-standard","has-post-thumbnail","hentry","category-noticias-pt-pt"],"_links":{"self":[{"href":"https:\/\/decandolle.ch\/pt-pt\/wp-json\/wp\/v2\/posts\/8386","targetHints":{"allow":["GET"]}}],"collection":[{"href":"https:\/\/decandolle.ch\/pt-pt\/wp-json\/wp\/v2\/posts"}],"about":[{"href":"https:\/\/decandolle.ch\/pt-pt\/wp-json\/wp\/v2\/types\/post"}],"author":[{"embeddable":true,"href":"https:\/\/decandolle.ch\/pt-pt\/wp-json\/wp\/v2\/users\/1"}],"replies":[{"embeddable":true,"href":"https:\/\/decandolle.ch\/pt-pt\/wp-json\/wp\/v2\/comments?post=8386"}],"version-history":[{"count":3,"href":"https:\/\/decandolle.ch\/pt-pt\/wp-json\/wp\/v2\/posts\/8386\/revisions"}],"predecessor-version":[{"id":8446,"href":"https:\/\/decandolle.ch\/pt-pt\/wp-json\/wp\/v2\/posts\/8386\/revisions\/8446"}],"wp:featuredmedia":[{"embeddable":true,"href":"https:\/\/decandolle.ch\/pt-pt\/wp-json\/wp\/v2\/media\/8389"}],"wp:attachment":[{"href":"https:\/\/decandolle.ch\/pt-pt\/wp-json\/wp\/v2\/media?parent=8386"}],"wp:term":[{"taxonomy":"category","embeddable":true,"href":"https:\/\/decandolle.ch\/pt-pt\/wp-json\/wp\/v2\/categories?post=8386"},{"taxonomy":"post_tag","embeddable":true,"href":"https:\/\/decandolle.ch\/pt-pt\/wp-json\/wp\/v2\/tags?post=8386"}],"curies":[{"name":"wp","href":"https:\/\/api.w.org\/{rel}","templated":true}]}}