{"id":8388,"date":"2024-09-01T10:18:00","date_gmt":"2024-09-01T10:18:00","guid":{"rendered":"https:\/\/decandolle.ch\/2024\/09\/01\/regressar-ao-trabalho-se-tiveres-a-guarda-exclusiva-de-um-filho\/"},"modified":"2025-04-14T08:45:53","modified_gmt":"2025-04-14T08:45:53","slug":"regressar-ao-trabalho-se-tiveres-a-guarda-exclusiva-de-um-filho","status":"publish","type":"post","link":"https:\/\/decandolle.ch\/pt-pt\/2024\/09\/01\/regressar-ao-trabalho-se-tiveres-a-guarda-exclusiva-de-um-filho\/","title":{"rendered":"Regressar ao trabalho se tiveres a guarda exclusiva de um filho"},"content":{"rendered":"\n<figure class=\"wp-block-gallery has-nested-images columns-default is-cropped wp-block-gallery-1 is-layout-flex wp-block-gallery-is-layout-flex\"><\/figure>\n\n<span class=\"gdlr-core-space-shortcode\" style=\"margin-top: 30px ;\"  ><\/span>\n\n<h4 class=\"wp-block-heading\">Em caso de separa\u00e7\u00e3o (medidas cautelares conjugais) ou de div\u00f3rcio, o c\u00f4njuge que n\u00e3o tem a guarda do(s) filho(s) \u00e9 condenado a pagar as suas despesas.  <\/h4>\n\n<p class=\"wp-block-paragraph\">Na pr\u00e1tica, o montante ser\u00e1, de qualquer modo, determinado pelo m\u00ednimo do servi\u00e7o de cobran\u00e7a de d\u00edvidas, uma parte da renda e o pr\u00e9mio do seguro de doen\u00e7a.  <\/p>\n\n<p class=\"wp-block-paragraph\">Em fun\u00e7\u00e3o do estilo de vida e dos meios da fam\u00edlia, podem ser acrescentadas outras despesas, como actividades desportivas, culturais ou outras.  <\/p>\n\n<p class=\"wp-block-paragraph\">Se o c\u00f4njuge que tem a guarda exclusiva dos filhos n\u00e3o puder prover \u00e0s suas pr\u00f3prias necessidades, ao montante devido para o sustento dos filhos ser\u00e1 acrescentado um montante denominado contribui\u00e7\u00e3o para assist\u00eancia.  <\/p>\n\n<p class=\"wp-block-paragraph\">Isto levanta a quest\u00e3o da obriga\u00e7\u00e3o do progenitor que tem a cust\u00f3dia de encontrar um emprego.  <\/p>\n\n<p class=\"wp-block-paragraph\">De um modo geral, a jurisprud\u00eancia considera que, at\u00e9 o filho mais novo atingir a idade escolar, o progenitor que tem a guarda n\u00e3o pode ser obrigado a encontrar um emprego.  <\/p>\n\n<p class=\"wp-block-paragraph\">A partir do momento em que a crian\u00e7a mais nova frequenta a escola, pode ser-lhe exigido que trabalhe pelo menos 50% do tempo, e a uma taxa de 80% assim que entra no ensino secund\u00e1rio, e depois a 100% quando for adulto.  <\/p>\n\n<p class=\"wp-block-paragraph\">No entanto, estas regras n\u00e3o s\u00e3o fixas e devem ser analisadas caso a caso.  <\/p>\n\n<p class=\"wp-block-paragraph\">Se tiveres alguma d\u00favida sobre este assunto, n\u00e3o hesites em contactar um advogado do escrit\u00f3rio <a href=\"https:\/\/www.decandolle.ch\/\">de Candolle Avocats<\/a>.  <\/p>\n\n<p class=\"wp-block-paragraph\"><\/p>\n","protected":false},"excerpt":{"rendered":"<p>Em caso de separa\u00e7\u00e3o (medidas cautelares conjugais) ou de div\u00f3rcio, o c\u00f4njuge que n\u00e3o tem a guarda do(s) filho(s) \u00e9 condenado a pagar as suas despesas. Na pr\u00e1tica, o montante ser\u00e1, de qualquer modo, determinado pelo m\u00ednimo do servi\u00e7o de cobran\u00e7a de d\u00edvidas, uma parte da renda e o pr\u00e9mio do seguro de doen\u00e7a. Em [&hellip;]<\/p>\n","protected":false},"author":1,"featured_media":8299,"comment_status":"closed","ping_status":"open","sticky":false,"template":"","format":"standard","meta":{"footnotes":""},"categories":[58],"tags":[],"class_list":["post-8388","post","type-post","status-publish","format-standard","has-post-thumbnail","hentry","category-noticias-pt-pt"],"_links":{"self":[{"href":"https:\/\/decandolle.ch\/pt-pt\/wp-json\/wp\/v2\/posts\/8388","targetHints":{"allow":["GET"]}}],"collection":[{"href":"https:\/\/decandolle.ch\/pt-pt\/wp-json\/wp\/v2\/posts"}],"about":[{"href":"https:\/\/decandolle.ch\/pt-pt\/wp-json\/wp\/v2\/types\/post"}],"author":[{"embeddable":true,"href":"https:\/\/decandolle.ch\/pt-pt\/wp-json\/wp\/v2\/users\/1"}],"replies":[{"embeddable":true,"href":"https:\/\/decandolle.ch\/pt-pt\/wp-json\/wp\/v2\/comments?post=8388"}],"version-history":[{"count":1,"href":"https:\/\/decandolle.ch\/pt-pt\/wp-json\/wp\/v2\/posts\/8388\/revisions"}],"predecessor-version":[{"id":8393,"href":"https:\/\/decandolle.ch\/pt-pt\/wp-json\/wp\/v2\/posts\/8388\/revisions\/8393"}],"wp:featuredmedia":[{"embeddable":true,"href":"https:\/\/decandolle.ch\/pt-pt\/wp-json\/wp\/v2\/media\/8299"}],"wp:attachment":[{"href":"https:\/\/decandolle.ch\/pt-pt\/wp-json\/wp\/v2\/media?parent=8388"}],"wp:term":[{"taxonomy":"category","embeddable":true,"href":"https:\/\/decandolle.ch\/pt-pt\/wp-json\/wp\/v2\/categories?post=8388"},{"taxonomy":"post_tag","embeddable":true,"href":"https:\/\/decandolle.ch\/pt-pt\/wp-json\/wp\/v2\/tags?post=8388"}],"curies":[{"name":"wp","href":"https:\/\/api.w.org\/{rel}","templated":true}]}}