{"id":8398,"date":"2024-06-06T10:08:00","date_gmt":"2024-06-06T10:08:00","guid":{"rendered":"https:\/\/decandolle.ch\/2024\/06\/06\/mandato-por-incapacidade\/"},"modified":"2025-04-14T08:45:54","modified_gmt":"2025-04-14T08:45:54","slug":"mandato-por-incapacidade","status":"publish","type":"post","link":"https:\/\/decandolle.ch\/pt-pt\/2024\/06\/06\/mandato-por-incapacidade\/","title":{"rendered":"Mandato por incapacidade"},"content":{"rendered":"\n<figure class=\"wp-block-gallery has-nested-images columns-default is-cropped wp-block-gallery-1 is-layout-flex wp-block-gallery-is-layout-flex\"><\/figure>\n\n<span class=\"gdlr-core-space-shortcode\" style=\"margin-top: 30px ;\"  ><\/span>\n\n<h4 class=\"wp-block-heading\">Mandato por incapacidade  <\/h4>\n\n<p class=\"wp-block-paragraph\">Algumas pessoas ficam tempor\u00e1ria ou permanentemente incapazes de gerir os seus assuntos, por exemplo, na sequ\u00eancia de um acidente ou de uma doen\u00e7a.  <\/p>\n\n<p class=\"wp-block-paragraph\">Neste caso, se n\u00e3o tomares a iniciativa, o Tribunal de Prote\u00e7\u00e3o de Adultos e Crian\u00e7as nomear\u00e1 um curador para o fazer por ti.  <\/p>\n\n<p class=\"wp-block-paragraph\">O mandato por incapacidade permite-te escolher quem ser\u00e1 essa pessoa se ficares incapacitado.  <\/p>\n\n<p class=\"wp-block-paragraph\">Uma das vantagens \u00e9 que escolhes algu\u00e9m em quem confias e a quem podes explicar como queres que as coisas sejam geridas.  <\/p>\n\n<p class=\"wp-block-paragraph\">Dependendo da dimens\u00e3o e da complexidade do teu patrim\u00f3nio, pode ser sensato nomear um profissional para o gerir.  <\/p>\n\n<p class=\"wp-block-paragraph\">Os advogados da <a href=\"https:\/\/www.decandolle.ch\/\">DE CANDOLLE AVOCATS<\/a> est\u00e3o \u00e0 tua disposi\u00e7\u00e3o para te aconselhar e ajudar a redigir o mandato de incapacidade e a tomar as decis\u00f5es certas.  <\/p>\n\n<p class=\"wp-block-paragraph\"><\/p>\n","protected":false},"excerpt":{"rendered":"<p>Mandato por incapacidade Algumas pessoas ficam tempor\u00e1ria ou permanentemente incapazes de gerir os seus assuntos, por exemplo, na sequ\u00eancia de um acidente ou de uma doen\u00e7a. Neste caso, se n\u00e3o tomares a iniciativa, o Tribunal de Prote\u00e7\u00e3o de Adultos e Crian\u00e7as nomear\u00e1 um curador para o fazer por ti. O mandato por incapacidade permite-te escolher [&hellip;]<\/p>\n","protected":false},"author":1,"featured_media":8275,"comment_status":"closed","ping_status":"open","sticky":false,"template":"","format":"standard","meta":{"footnotes":""},"categories":[58],"tags":[],"class_list":["post-8398","post","type-post","status-publish","format-standard","has-post-thumbnail","hentry","category-noticias-pt-pt"],"_links":{"self":[{"href":"https:\/\/decandolle.ch\/pt-pt\/wp-json\/wp\/v2\/posts\/8398","targetHints":{"allow":["GET"]}}],"collection":[{"href":"https:\/\/decandolle.ch\/pt-pt\/wp-json\/wp\/v2\/posts"}],"about":[{"href":"https:\/\/decandolle.ch\/pt-pt\/wp-json\/wp\/v2\/types\/post"}],"author":[{"embeddable":true,"href":"https:\/\/decandolle.ch\/pt-pt\/wp-json\/wp\/v2\/users\/1"}],"replies":[{"embeddable":true,"href":"https:\/\/decandolle.ch\/pt-pt\/wp-json\/wp\/v2\/comments?post=8398"}],"version-history":[{"count":1,"href":"https:\/\/decandolle.ch\/pt-pt\/wp-json\/wp\/v2\/posts\/8398\/revisions"}],"predecessor-version":[{"id":8400,"href":"https:\/\/decandolle.ch\/pt-pt\/wp-json\/wp\/v2\/posts\/8398\/revisions\/8400"}],"wp:featuredmedia":[{"embeddable":true,"href":"https:\/\/decandolle.ch\/pt-pt\/wp-json\/wp\/v2\/media\/8275"}],"wp:attachment":[{"href":"https:\/\/decandolle.ch\/pt-pt\/wp-json\/wp\/v2\/media?parent=8398"}],"wp:term":[{"taxonomy":"category","embeddable":true,"href":"https:\/\/decandolle.ch\/pt-pt\/wp-json\/wp\/v2\/categories?post=8398"},{"taxonomy":"post_tag","embeddable":true,"href":"https:\/\/decandolle.ch\/pt-pt\/wp-json\/wp\/v2\/tags?post=8398"}],"curies":[{"name":"wp","href":"https:\/\/api.w.org\/{rel}","templated":true}]}}