{"id":8412,"date":"2024-05-29T10:14:00","date_gmt":"2024-05-29T10:14:00","guid":{"rendered":"https:\/\/decandolle.ch\/2024\/05\/29\/o-que-deves-fazer-se-tiveres-recebido-uma-ordem-do-tribunal-penal\/"},"modified":"2025-04-14T08:45:59","modified_gmt":"2025-04-14T08:45:59","slug":"o-que-deves-fazer-se-tiveres-recebido-uma-ordem-do-tribunal-penal","status":"publish","type":"post","link":"https:\/\/decandolle.ch\/pt-pt\/2024\/05\/29\/o-que-deves-fazer-se-tiveres-recebido-uma-ordem-do-tribunal-penal\/","title":{"rendered":"O que deves fazer se tiveres recebido uma ordem do tribunal penal?"},"content":{"rendered":"\n<figure class=\"wp-block-gallery has-nested-images columns-default is-cropped wp-block-gallery-1 is-layout-flex wp-block-gallery-is-layout-flex\"><\/figure>\n\n<span class=\"gdlr-core-space-shortcode\" style=\"margin-top: 30px ;\"  ><\/span>\n\n<h4 class=\"wp-block-heading\">Recebeste uma ordem judicial penal por correio registado. O que deves fazer?  <\/h4>\n\n<p class=\"wp-block-paragraph\">Disp\u00f5e de 10 dias, no m\u00e1ximo, para apresentar uma obje\u00e7\u00e3o se n\u00e3o concordar com a decis\u00e3o.  <\/p>\n\n<p class=\"wp-block-paragraph\">Se n\u00e3o fizeres nada, a decis\u00e3o ter\u00e1 for\u00e7a de senten\u00e7a e, se for caso disso, a condena\u00e7\u00e3o ser\u00e1 inscrita no teu registo criminal.  <\/p>\n\n<p class=\"wp-block-paragraph\">Se decidires contestar esta decis\u00e3o, na qualidade de arguido, bastar\u00e1 uma simples carta a indicar a tua inten\u00e7\u00e3o ao Minist\u00e9rio P\u00fablico.  <\/p>\n\n<p class=\"wp-block-paragraph\">No entanto, \u00e9 importante ter em conta que a oposi\u00e7\u00e3o n\u00e3o \u00e9 isenta de consequ\u00eancias e pode, em alguns casos, ser in\u00fatil ou mesmo estrategicamente contraproducente.  <\/p>\n\n<p class=\"wp-block-paragraph\">Os advogados da DE CANDOLLE AVOCATS est\u00e3o \u00e0 tua disposi\u00e7\u00e3o para te aconselhar.<\/p>\n\n<p class=\"wp-block-paragraph\"><\/p>\n","protected":false},"excerpt":{"rendered":"<p>Recebeste uma ordem judicial penal por correio registado. O que deves fazer? Disp\u00f5e de 10 dias, no m\u00e1ximo, para apresentar uma obje\u00e7\u00e3o se n\u00e3o concordar com a decis\u00e3o. Se n\u00e3o fizeres nada, a decis\u00e3o ter\u00e1 for\u00e7a de senten\u00e7a e, se for caso disso, a condena\u00e7\u00e3o ser\u00e1 inscrita no teu registo criminal. Se decidires contestar esta [&hellip;]<\/p>\n","protected":false},"author":1,"featured_media":8287,"comment_status":"closed","ping_status":"open","sticky":false,"template":"","format":"standard","meta":{"footnotes":""},"categories":[58],"tags":[],"class_list":["post-8412","post","type-post","status-publish","format-standard","has-post-thumbnail","hentry","category-noticias-pt-pt"],"_links":{"self":[{"href":"https:\/\/decandolle.ch\/pt-pt\/wp-json\/wp\/v2\/posts\/8412","targetHints":{"allow":["GET"]}}],"collection":[{"href":"https:\/\/decandolle.ch\/pt-pt\/wp-json\/wp\/v2\/posts"}],"about":[{"href":"https:\/\/decandolle.ch\/pt-pt\/wp-json\/wp\/v2\/types\/post"}],"author":[{"embeddable":true,"href":"https:\/\/decandolle.ch\/pt-pt\/wp-json\/wp\/v2\/users\/1"}],"replies":[{"embeddable":true,"href":"https:\/\/decandolle.ch\/pt-pt\/wp-json\/wp\/v2\/comments?post=8412"}],"version-history":[{"count":1,"href":"https:\/\/decandolle.ch\/pt-pt\/wp-json\/wp\/v2\/posts\/8412\/revisions"}],"predecessor-version":[{"id":8415,"href":"https:\/\/decandolle.ch\/pt-pt\/wp-json\/wp\/v2\/posts\/8412\/revisions\/8415"}],"wp:featuredmedia":[{"embeddable":true,"href":"https:\/\/decandolle.ch\/pt-pt\/wp-json\/wp\/v2\/media\/8287"}],"wp:attachment":[{"href":"https:\/\/decandolle.ch\/pt-pt\/wp-json\/wp\/v2\/media?parent=8412"}],"wp:term":[{"taxonomy":"category","embeddable":true,"href":"https:\/\/decandolle.ch\/pt-pt\/wp-json\/wp\/v2\/categories?post=8412"},{"taxonomy":"post_tag","embeddable":true,"href":"https:\/\/decandolle.ch\/pt-pt\/wp-json\/wp\/v2\/tags?post=8412"}],"curies":[{"name":"wp","href":"https:\/\/api.w.org\/{rel}","templated":true}]}}