{"id":8420,"date":"2024-03-18T10:17:00","date_gmt":"2024-03-18T10:17:00","guid":{"rendered":"https:\/\/decandolle.ch\/2024\/03\/18\/apresentar-uma-queixa-crime-para-uma-empresa-ou-um-empresario-em-nome-individual\/"},"modified":"2025-04-14T08:49:38","modified_gmt":"2025-04-14T08:49:38","slug":"apresentar-uma-queixa-crime-para-uma-empresa-ou-um-empresario-em-nome-individual","status":"publish","type":"post","link":"https:\/\/decandolle.ch\/pt-pt\/2024\/03\/18\/apresentar-uma-queixa-crime-para-uma-empresa-ou-um-empresario-em-nome-individual\/","title":{"rendered":"Apresentar uma queixa-crime para uma empresa ou um empres\u00e1rio em nome individual"},"content":{"rendered":"\n<figure class=\"wp-block-gallery has-nested-images columns-default is-cropped wp-block-gallery-1 is-layout-flex wp-block-gallery-is-layout-flex\"><\/figure>\n\n<span class=\"gdlr-core-space-shortcode\" style=\"margin-top: 30px ;\"  ><\/span>\n\n<h4 class=\"wp-block-heading\">Se a tua empresa foi v\u00edtima de um crime e tencionas apresentar uma queixa, h\u00e1 alguns pontos importantes a ter em conta.  <\/h4>\n\n<p class=\"wp-block-paragraph\">O ideal \u00e9 que a pessoa que se dirige \u00e0 pol\u00edcia para apresentar a queixa tenha a assinatura individual da empresa ou seja um empres\u00e1rio em nome individual.  <\/p>\n\n<p class=\"wp-block-paragraph\">Se n\u00e3o for esse o caso, mesmo que a jurisprud\u00eancia do Tribunal Federal seja relativamente flex\u00edvel, ser\u00e1 necess\u00e1rio que o diretor-geral ou um organismo equivalente trate do assunto ou que a pessoa que apresenta a queixa tenha uma procura\u00e7\u00e3o.  <\/p>\n\n<p class=\"wp-block-paragraph\">Para reparar os danos, \u00e9 importante guardar todas as facturas, tanto das repara\u00e7\u00f5es como dos objectos roubados, por exemplo, ou de outras despesas causadas pela infra\u00e7\u00e3o.  <\/p>\n\n<p class=\"wp-block-paragraph\">Do mesmo modo, cabe-te a ti subscrever um seguro que cubra o tipo de danos em causa.  <\/p>\n\n<p class=\"wp-block-paragraph\">Se o seguro cobrir o preju\u00edzo, \u00e9 importante que apresentes pessoalmente no processo penal apenas os custos remanescentes, como os custos n\u00e3o cobertos ou a franquia.  <\/p>\n\n<p class=\"wp-block-paragraph\">Os advogados de DE CANDOLLE AVOCATS est\u00e3o \u00e0 tua disposi\u00e7\u00e3o para te ajudar a apresentar uma queixa-crime e para te acompanhar durante todo o processo penal.  <\/p>\n","protected":false},"excerpt":{"rendered":"<p>Se a tua empresa foi v\u00edtima de um crime e tencionas apresentar uma queixa, h\u00e1 alguns pontos importantes a ter em conta. O ideal \u00e9 que a pessoa que se dirige \u00e0 pol\u00edcia para apresentar a queixa tenha a assinatura individual da empresa ou seja um empres\u00e1rio em nome individual. Se n\u00e3o for esse o [&hellip;]<\/p>\n","protected":false},"author":1,"featured_media":8295,"comment_status":"closed","ping_status":"open","sticky":false,"template":"","format":"standard","meta":{"footnotes":""},"categories":[58],"tags":[],"class_list":["post-8420","post","type-post","status-publish","format-standard","has-post-thumbnail","hentry","category-noticias-pt-pt"],"_links":{"self":[{"href":"https:\/\/decandolle.ch\/pt-pt\/wp-json\/wp\/v2\/posts\/8420","targetHints":{"allow":["GET"]}}],"collection":[{"href":"https:\/\/decandolle.ch\/pt-pt\/wp-json\/wp\/v2\/posts"}],"about":[{"href":"https:\/\/decandolle.ch\/pt-pt\/wp-json\/wp\/v2\/types\/post"}],"author":[{"embeddable":true,"href":"https:\/\/decandolle.ch\/pt-pt\/wp-json\/wp\/v2\/users\/1"}],"replies":[{"embeddable":true,"href":"https:\/\/decandolle.ch\/pt-pt\/wp-json\/wp\/v2\/comments?post=8420"}],"version-history":[{"count":1,"href":"https:\/\/decandolle.ch\/pt-pt\/wp-json\/wp\/v2\/posts\/8420\/revisions"}],"predecessor-version":[{"id":8422,"href":"https:\/\/decandolle.ch\/pt-pt\/wp-json\/wp\/v2\/posts\/8420\/revisions\/8422"}],"wp:featuredmedia":[{"embeddable":true,"href":"https:\/\/decandolle.ch\/pt-pt\/wp-json\/wp\/v2\/media\/8295"}],"wp:attachment":[{"href":"https:\/\/decandolle.ch\/pt-pt\/wp-json\/wp\/v2\/media?parent=8420"}],"wp:term":[{"taxonomy":"category","embeddable":true,"href":"https:\/\/decandolle.ch\/pt-pt\/wp-json\/wp\/v2\/categories?post=8420"},{"taxonomy":"post_tag","embeddable":true,"href":"https:\/\/decandolle.ch\/pt-pt\/wp-json\/wp\/v2\/tags?post=8420"}],"curies":[{"name":"wp","href":"https:\/\/api.w.org\/{rel}","templated":true}]}}